{"id":1864,"date":"2024-08-25T23:00:28","date_gmt":"2024-08-25T21:00:28","guid":{"rendered":"https:\/\/clinicasantaanna.es\/?p=1864"},"modified":"2024-08-25T23:35:35","modified_gmt":"2024-08-25T21:35:35","slug":"salud-bucal-en-verano","status":"publish","type":"post","link":"https:\/\/clinicasantaanna.es\/en\/oral-health-in-summer\/","title":{"rendered":"Importance of Oral Health in Summer"},"content":{"rendered":"<div data-elementor-type=\"wp-post\" data-elementor-id=\"1864\" class=\"elementor elementor-1864\" data-elementor-post-type=\"post\">\n\t\t\t\t\t\t<section class=\"elementor-section elementor-top-section elementor-element elementor-element-4bdcc41 elementor-section-boxed elementor-section-height-default elementor-section-height-default\" data-id=\"4bdcc41\" data-element_type=\"section\" data-e-type=\"section\" data-settings=\"{&quot;background_background&quot;:&quot;classic&quot;}\">\n\t\t\t\t\t\t\t<div class=\"elementor-background-overlay\"><\/div>\n\t\t\t\t\t\t\t<div class=\"elementor-container elementor-column-gap-default\">\n\t\t\t\t\t<div class=\"elementor-column elementor-col-100 elementor-top-column elementor-element elementor-element-1df1f70\" data-id=\"1df1f70\" data-element_type=\"column\" data-e-type=\"column\">\n\t\t\t<div class=\"elementor-widget-wrap elementor-element-populated\">\n\t\t\t\t\t\t<div class=\"elementor-element elementor-element-f202f10 elementor-widget elementor-widget-heading\" data-id=\"f202f10\" data-element_type=\"widget\" data-e-type=\"widget\" data-widget_type=\"heading.default\">\n\t\t\t\t\t\t<div class=\"elementor-widget-container\">\n\t\t\t\t\t<h2 class=\"elementor-heading-title elementor-size-default\">Take care of your smile this summer<\/h2>\t\t\t\t<\/div>\n\t\t\t\t<\/div>\n\t\t\t\t<div class=\"elementor-element elementor-element-5dcd6e4 elementor-widget elementor-widget-text-editor\" data-id=\"5dcd6e4\" data-element_type=\"widget\" data-e-type=\"widget\" data-widget_type=\"text-editor.default\">\n\t\t\t\t\t\t<div class=\"elementor-widget-container\">\n\t\t\t\t\t\t\t\t\t<h4 style=\"text-align: center;\">Practical tips for dental care.<\/h4>\t\t\t\t\t\t\t\t<\/div>\n\t\t\t\t<\/div>\n\t\t\t\t\t<\/div>\n\t\t<\/div>\n\t\t\t\t\t<\/div>\n\t\t<\/section>\n\t\t\t\t<section class=\"elementor-section elementor-top-section elementor-element elementor-element-b6bd982 elementor-section-content-middle elementor-section-boxed elementor-section-height-default elementor-section-height-default\" data-id=\"b6bd982\" data-element_type=\"section\" data-e-type=\"section\" data-settings=\"{&quot;background_background&quot;:&quot;classic&quot;}\">\n\t\t\t\t\t\t<div class=\"elementor-container elementor-column-gap-default\">\n\t\t\t\t\t<div class=\"elementor-column elementor-col-100 elementor-top-column elementor-element elementor-element-3f68db0\" data-id=\"3f68db0\" data-element_type=\"column\" data-e-type=\"column\">\n\t\t\t<div class=\"elementor-widget-wrap elementor-element-populated\">\n\t\t\t\t\t\t<div class=\"elementor-element elementor-element-0f79d3d elementor-widget elementor-widget-heading\" data-id=\"0f79d3d\" data-element_type=\"widget\" data-e-type=\"widget\" data-widget_type=\"heading.default\">\n\t\t\t\t\t\t<div class=\"elementor-widget-container\">\n\t\t\t\t\t<h2 class=\"elementor-heading-title elementor-size-default\">Importance of Oral Health in Summer<\/h2>\t\t\t\t<\/div>\n\t\t\t\t<\/div>\n\t\t\t\t<section class=\"elementor-section elementor-inner-section elementor-element elementor-element-805f9df elementor-section-boxed elementor-section-height-default elementor-section-height-default\" data-id=\"805f9df\" data-element_type=\"section\" data-e-type=\"section\">\n\t\t\t\t\t\t<div class=\"elementor-container elementor-column-gap-default\">\n\t\t\t\t\t<div class=\"elementor-column elementor-col-50 elementor-inner-column elementor-element elementor-element-625f68f\" data-id=\"625f68f\" data-element_type=\"column\" data-e-type=\"column\">\n\t\t\t<div class=\"elementor-widget-wrap elementor-element-populated\">\n\t\t\t\t\t\t<div class=\"elementor-element elementor-element-8af480b elementor-widget__width-initial elementor-widget elementor-widget-image\" data-id=\"8af480b\" data-element_type=\"widget\" data-e-type=\"widget\" data-widget_type=\"image.default\">\n\t\t\t\t\t\t<div class=\"elementor-widget-container\">\n\t\t\t\t\t\t\t\t\t\t\t\t\t\t\t<img fetchpriority=\"high\" decoding=\"async\" width=\"1344\" height=\"896\" src=\"https:\/\/clinicasantaanna.es\/wp-content\/uploads\/2024\/08\/Sonrisa-Verano.jpg\" class=\"attachment-full size-full wp-image-1867\" alt=\"Summer Smile Santa Anna Dental Clinic\" srcset=\"https:\/\/clinicasantaanna.es\/wp-content\/uploads\/2024\/08\/Sonrisa-Verano.jpg 1344w, https:\/\/clinicasantaanna.es\/wp-content\/uploads\/2024\/08\/Sonrisa-Verano-300x200.jpg 300w, https:\/\/clinicasantaanna.es\/wp-content\/uploads\/2024\/08\/Sonrisa-Verano-1024x683.jpg 1024w, https:\/\/clinicasantaanna.es\/wp-content\/uploads\/2024\/08\/Sonrisa-Verano-768x512.jpg 768w, https:\/\/clinicasantaanna.es\/wp-content\/uploads\/2024\/08\/Sonrisa-Verano-18x12.jpg 18w\" sizes=\"(max-width: 1344px) 100vw, 1344px\" \/>\t\t\t\t\t\t\t\t\t\t\t\t\t\t\t<\/div>\n\t\t\t\t<\/div>\n\t\t\t\t\t<\/div>\n\t\t<\/div>\n\t\t\t\t<div class=\"elementor-column elementor-col-50 elementor-inner-column elementor-element elementor-element-74636e2\" data-id=\"74636e2\" data-element_type=\"column\" data-e-type=\"column\">\n\t\t\t<div class=\"elementor-widget-wrap elementor-element-populated\">\n\t\t\t\t\t\t<div class=\"elementor-element elementor-element-31e106d elementor-widget elementor-widget-text-editor\" data-id=\"31e106d\" data-element_type=\"widget\" data-e-type=\"widget\" data-widget_type=\"text-editor.default\">\n\t\t\t\t\t\t<div class=\"elementor-widget-container\">\n\t\t\t\t\t\t\t\t\t<p>Summer is a time of vacations, outdoor activities and changes in routine. These changes can affect our oral hygiene and increase the risk of dental problems. It is crucial to maintain good habits to avoid complications. Here are some recommendations to enjoy the summer without neglecting to take care of your teeth.<\/p>\t\t\t\t\t\t\t\t<\/div>\n\t\t\t\t<\/div>\n\t\t\t\t\t<\/div>\n\t\t<\/div>\n\t\t\t\t\t<\/div>\n\t\t<\/section>\n\t\t\t\t<div class=\"elementor-element elementor-element-26c42c5 elementor-author-box--layout-image-right elementor-author-box--align-right elementor-widget elementor-widget-author-box\" data-id=\"26c42c5\" data-element_type=\"widget\" data-e-type=\"widget\" data-widget_type=\"author-box.default\">\n\t\t\t\t\t\t<div class=\"elementor-widget-container\">\n\t\t\t\t\t\t\t<div class=\"elementor-author-box\">\n\t\t\t\t\t\t\t<div  class=\"elementor-author-box__avatar\">\n\t\t\t\t\t<img decoding=\"async\" src=\"https:\/\/clinicasantaanna.es\/wp-content\/uploads\/2022\/02\/7c390bfa-0542-4ac7-9108-d36f087a56e9-e1644410926904-268x300.jpg\" alt=\"Picture of Dra. Onelymar P\u00e9rez\" loading=\"lazy\">\n\t\t\t\t<\/div>\n\t\t\t\n\t\t\t<div class=\"elementor-author-box__text\">\n\t\t\t\t\t\t\t\t\t<div >\n\t\t\t\t\t\t<h4 class=\"elementor-author-box__name\">\n\t\t\t\t\t\t\tDr. Onelymar P\u00e9rez\t\t\t\t\t\t<\/h4>\n\t\t\t\t\t<\/div>\n\t\t\t\t\n\t\t\t\t\t\t\t\t\t<div class=\"elementor-author-box__bio\">\n\t\t\t\t\t\t<p>Orthodontist and Generalist.<\/p>\n\t\t\t\t\t<\/div>\n\t\t\t\t\n\t\t\t\t\t\t\t<\/div>\n\t\t<\/div>\n\t\t\t\t\t\t<\/div>\n\t\t\t\t<\/div>\n\t\t\t\t\t<\/div>\n\t\t<\/div>\n\t\t\t\t\t<\/div>\n\t\t<\/section>\n\t\t\t\t<section class=\"elementor-section elementor-top-section elementor-element elementor-element-1003aee elementor-section-boxed elementor-section-height-default elementor-section-height-default\" data-id=\"1003aee\" data-element_type=\"section\" data-e-type=\"section\">\n\t\t\t\t\t\t<div class=\"elementor-container elementor-column-gap-default\">\n\t\t\t\t\t<div class=\"elementor-column elementor-col-100 elementor-top-column elementor-element elementor-element-30a15dc\" data-id=\"30a15dc\" data-element_type=\"column\" data-e-type=\"column\">\n\t\t\t<div class=\"elementor-widget-wrap elementor-element-populated\">\n\t\t\t\t\t\t<div class=\"elementor-element elementor-element-43083ac elementor-widget elementor-widget-heading\" data-id=\"43083ac\" data-element_type=\"widget\" data-e-type=\"widget\" data-widget_type=\"heading.default\">\n\t\t\t\t\t\t<div class=\"elementor-widget-container\">\n\t\t\t\t\t<h3 class=\"elementor-heading-title elementor-size-default\">Recommendations:<\/h3>\t\t\t\t<\/div>\n\t\t\t\t<\/div>\n\t\t\t\t<div class=\"elementor-element elementor-element-a98653e elementor-widget elementor-widget-text-editor\" data-id=\"a98653e\" data-element_type=\"widget\" data-e-type=\"widget\" data-widget_type=\"text-editor.default\">\n\t\t\t\t\t\t<div class=\"elementor-widget-container\">\n\t\t\t\t\t\t\t\t\t<p>It is very common to observe, especially during the summer, that patients tend to CHEW THE ICE CUBES that remain in the glass. It is crucial to AVOID this habit because it causes dental fractures and<br \/>enamel wear.<\/p><ul><li>Drink plenty of WATER: It keeps your mouth hydrated and helps eliminate food residue and bacteria.<\/li><li>Avoid SUGAR-SWEET AND ACIDIC DRINKS: Limit consumption of soft drinks, juices and energy drinks.<\/li><li>Eat FRESH FRUITS AND VEGETABLES: Rich in water and fiber, they help clean teeth and gums.<\/li><li>Avoid sticky and sugary foods: Opt for natural alternatives such as sugar-free yogurt and nuts.<\/li><li>Brush your teeth at least twice a day and floss daily.<\/li><li>Take your ORAL HYGIENE KIT: Include a toothbrush, toothpaste, dental floss and mouthwash in your suitcase.<\/li><li>CHILDREN AND TEENAGERS may be more exposed to dental risks during the summer due to changes in their routine; therefore, establish an oral hygiene routine: Supervise brushing and flossing.<\/li><\/ul><p>Maintaining good oral health during the summer is essential to prevent dental problems and maintain a healthy smile. By following these tips, you can enjoy your vacation without compromising your oral health.<\/p>\t\t\t\t\t\t\t\t<\/div>\n\t\t\t\t<\/div>\n\t\t\t\t<div class=\"elementor-element elementor-element-ae62b17 elementor-widget elementor-widget-text-editor\" data-id=\"ae62b17\" data-element_type=\"widget\" data-e-type=\"widget\" data-widget_type=\"text-editor.default\">\n\t\t\t\t\t\t<div class=\"elementor-widget-container\">\n\t\t\t\t\t\t\t\t\t<p>Do you have any questions or need a dental check-up? Visit us at Cl\u00ednica Santa Anna on Avenida Rep\u00fablica Argentina in Barcelona. We offer personalized consultations and are committed to your oral health.<\/p><p><strong>Schedule your appointment today!<\/strong><\/p>\t\t\t\t\t\t\t\t<\/div>\n\t\t\t\t<\/div>\n\t\t\t\t<div class=\"elementor-element elementor-element-44ea4f7 elementor-widget elementor-widget-post-comments\" data-id=\"44ea4f7\" data-element_type=\"widget\" data-e-type=\"widget\" data-widget_type=\"post-comments.theme_comments\">\n\t\t\t\t\t\t<\/div>\n\t\t\t\t\t<\/div>\n\t\t<\/div>\n\t\t\t\t\t<\/div>\n\t\t<\/section>\n\t\t\t\t<section class=\"elementor-section elementor-top-section elementor-element elementor-element-63e0880 elementor-section-boxed elementor-section-height-default elementor-section-height-default\" data-id=\"63e0880\" data-element_type=\"section\" data-e-type=\"section\">\n\t\t\t\t\t\t<div class=\"elementor-container elementor-column-gap-default\">\n\t\t\t\t\t<div class=\"elementor-column elementor-col-33 elementor-top-column elementor-element elementor-element-0630c53\" data-id=\"0630c53\" data-element_type=\"column\" data-e-type=\"column\">\n\t\t\t<div class=\"elementor-widget-wrap elementor-element-populated\">\n\t\t\t\t\t\t<section class=\"elementor-section elementor-inner-section elementor-element elementor-element-d354c16 elementor-section-boxed elementor-section-height-default elementor-section-height-default\" data-id=\"d354c16\" data-element_type=\"section\" data-e-type=\"section\">\n\t\t\t\t\t\t<div class=\"elementor-container elementor-column-gap-default\">\n\t\t\t\t\t<div class=\"elementor-column elementor-col-100 elementor-inner-column elementor-element elementor-element-625a176\" data-id=\"625a176\" data-element_type=\"column\" data-e-type=\"column\">\n\t\t\t<div class=\"elementor-widget-wrap elementor-element-populated\">\n\t\t\t\t\t\t<div class=\"elementor-element elementor-element-98b92c5 elementor-widget elementor-widget-image\" data-id=\"98b92c5\" data-element_type=\"widget\" data-e-type=\"widget\" data-widget_type=\"image.default\">\n\t\t\t\t\t\t<div class=\"elementor-widget-container\">\n\t\t\t\t\t\t\t\t\t\t\t\t\t\t\t\t<a href=\"https:\/\/clinicasantaanna.es\/en\/\">\n\t\t\t\t\t\t\t<img decoding=\"async\" width=\"300\" height=\"100\" src=\"https:\/\/clinicasantaanna.es\/wp-content\/uploads\/2021\/07\/cropped-LOGOpequeno-300x100.png\" class=\"attachment-medium size-medium wp-image-751\" alt=\"logo1\" srcset=\"https:\/\/clinicasantaanna.es\/wp-content\/uploads\/2021\/07\/cropped-LOGOpequeno-300x100.png 300w, https:\/\/clinicasantaanna.es\/wp-content\/uploads\/2021\/07\/cropped-LOGOpequeno-180x60.png 180w, https:\/\/clinicasantaanna.es\/wp-content\/uploads\/2021\/07\/cropped-LOGOpequeno.png 500w\" sizes=\"(max-width: 300px) 100vw, 300px\" \/>\t\t\t\t\t\t\t\t<\/a>\n\t\t\t\t\t\t\t\t\t\t\t\t\t\t\t<\/div>\n\t\t\t\t<\/div>\n\t\t\t\t<div class=\"elementor-element elementor-element-e7f6e23 elementor-widget elementor-widget-text-editor\" data-id=\"e7f6e23\" data-element_type=\"widget\" data-e-type=\"widget\" data-widget_type=\"text-editor.default\">\n\t\t\t\t\t\t<div class=\"elementor-widget-container\">\n\t\t\t\t\t\t\t\t\t<p><strong><em>YOUR ORAL HEALTH IS IMPORTANT TO US<\/em><\/strong><\/p><p>Get a perfect smile from the best dentists in Barcelona.<\/p>\t\t\t\t\t\t\t\t<\/div>\n\t\t\t\t<\/div>\n\t\t\t\t<div class=\"elementor-element elementor-element-00db56f elementor-widget elementor-widget-heading\" data-id=\"00db56f\" data-element_type=\"widget\" data-e-type=\"widget\" data-widget_type=\"heading.default\">\n\t\t\t\t\t\t<div class=\"elementor-widget-container\">\n\t\t\t\t\t<h5 class=\"elementor-heading-title elementor-size-default\">Our schedule<\/h5>\t\t\t\t<\/div>\n\t\t\t\t<\/div>\n\t\t\t\t<div class=\"elementor-element elementor-element-f7b57a2 elementor-widget elementor-widget-text-editor\" data-id=\"f7b57a2\" data-element_type=\"widget\" data-e-type=\"widget\" data-widget_type=\"text-editor.default\">\n\t\t\t\t\t\t<div class=\"elementor-widget-container\">\n\t\t\t\t\t\t\t\t\t<strong>Monday to thursday:<\/strong> 10:00 a.m. \u2013 2:00 p.m. and 4:00 p.m. \u2013 8:00 p.m.<br>\n<strong>Friday:<\/strong> 10:00 a.m. \u2013 7:00 p.m.<br>\n<strong>Saturday:<\/strong> 10:00 a.m. \u2013 2:00 p.m.<br>\n<strong>Sunday:<\/strong>\u00a0Closed.\t\t\t\t\t\t\t\t<\/div>\n\t\t\t\t<\/div>\n\t\t\t\t\t<\/div>\n\t\t<\/div>\n\t\t\t\t\t<\/div>\n\t\t<\/section>\n\t\t\t\t\t<\/div>\n\t\t<\/div>\n\t\t\t\t<div class=\"elementor-column elementor-col-33 elementor-top-column elementor-element elementor-element-598d375\" data-id=\"598d375\" data-element_type=\"column\" data-e-type=\"column\">\n\t\t\t<div class=\"elementor-widget-wrap elementor-element-populated\">\n\t\t\t\t\t\t<div class=\"elementor-element elementor-element-8e6e3c4 elementor-widget elementor-widget-heading\" data-id=\"8e6e3c4\" data-element_type=\"widget\" data-e-type=\"widget\" data-widget_type=\"heading.default\">\n\t\t\t\t\t\t<div class=\"elementor-widget-container\">\n\t\t\t\t\t<h5 class=\"elementor-heading-title elementor-size-default\">Services<\/h5>\t\t\t\t<\/div>\n\t\t\t\t<\/div>\n\t\t\t\t<div class=\"elementor-element elementor-element-83f352a elementor-nav-menu__align-center elementor-nav-menu--dropdown-tablet elementor-nav-menu__text-align-aside elementor-widget elementor-widget-nav-menu\" data-id=\"83f352a\" data-element_type=\"widget\" data-e-type=\"widget\" data-settings=\"{&quot;layout&quot;:&quot;vertical&quot;,&quot;submenu_icon&quot;:{&quot;value&quot;:&quot;&lt;i class=\\&quot;fas fa-caret-down\\&quot;&gt;&lt;\\\/i&gt;&quot;,&quot;library&quot;:&quot;fa-solid&quot;}}\" data-widget_type=\"nav-menu.default\">\n\t\t\t\t\t\t<div class=\"elementor-widget-container\">\n\t\t\t\t\t\t\t\t<nav aria-label=\"Menu\" class=\"elementor-nav-menu--main elementor-nav-menu__container elementor-nav-menu--layout-vertical e--pointer-none\">\n\t\t\t\t<ul id=\"menu-1-83f352a\" class=\"elementor-nav-menu sm-vertical\"><li class=\"menu-item menu-item-type-custom menu-item-object-custom menu-item-207\"><a href=\"https:\/\/clinicasantaanna.es\/en\/services\/#ortodoncia\" class=\"elementor-item elementor-item-anchor menu-link\">Orthodontics<\/a><\/li>\n<li class=\"menu-item menu-item-type-custom menu-item-object-custom menu-item-208\"><a href=\"https:\/\/clinicasantaanna.es\/en\/services\/#implantologia\" class=\"elementor-item elementor-item-anchor menu-link\">implantology<\/a><\/li>\n<li class=\"menu-item menu-item-type-custom menu-item-object-custom menu-item-209\"><a href=\"https:\/\/clinicasantaanna.es\/en\/services\/#protesis\" class=\"elementor-item elementor-item-anchor menu-link\">Prosthesis<\/a><\/li>\n<li class=\"menu-item menu-item-type-custom menu-item-object-custom menu-item-210\"><a href=\"https:\/\/clinicasantaanna.es\/en\/services\/#estetica\" class=\"elementor-item elementor-item-anchor menu-link\">Esthetic<\/a><\/li>\n<li class=\"menu-item menu-item-type-custom menu-item-object-custom menu-item-249\"><a href=\"https:\/\/clinicasantaanna.es\/en\/services\/#periodoncia\" class=\"elementor-item elementor-item-anchor menu-link\">Periodontics<\/a><\/li>\n<li class=\"menu-item menu-item-type-custom menu-item-object-custom menu-item-250\"><a href=\"https:\/\/clinicasantaanna.es\/en\/services\/#endodoncia\" class=\"elementor-item elementor-item-anchor menu-link\">Root Canal<\/a><\/li>\n<li class=\"menu-item menu-item-type-custom menu-item-object-custom menu-item-251\"><a href=\"https:\/\/clinicasantaanna.es\/en\/services\/#preventiva\" class=\"elementor-item elementor-item-anchor menu-link\">Preventive<\/a><\/li>\n<li class=\"menu-item menu-item-type-custom menu-item-object-custom menu-item-782\"><a href=\"https:\/\/clinicasantaanna.es\/en\/services\/#odontopediatria\" class=\"elementor-item elementor-item-anchor menu-link\">Pediatric Dentistry<\/a><\/li>\n<\/ul>\t\t\t<\/nav>\n\t\t\t\t\t\t<nav class=\"elementor-nav-menu--dropdown elementor-nav-menu__container\" aria-hidden=\"true\">\n\t\t\t\t<ul id=\"menu-2-83f352a\" class=\"elementor-nav-menu sm-vertical\"><li class=\"menu-item menu-item-type-custom menu-item-object-custom menu-item-207\"><a href=\"https:\/\/clinicasantaanna.es\/en\/services\/#ortodoncia\" class=\"elementor-item elementor-item-anchor menu-link\" tabindex=\"-1\">Orthodontics<\/a><\/li>\n<li class=\"menu-item menu-item-type-custom menu-item-object-custom menu-item-208\"><a href=\"https:\/\/clinicasantaanna.es\/en\/services\/#implantologia\" class=\"elementor-item elementor-item-anchor menu-link\" tabindex=\"-1\">implantology<\/a><\/li>\n<li class=\"menu-item menu-item-type-custom menu-item-object-custom menu-item-209\"><a href=\"https:\/\/clinicasantaanna.es\/en\/services\/#protesis\" class=\"elementor-item elementor-item-anchor menu-link\" tabindex=\"-1\">Prosthesis<\/a><\/li>\n<li class=\"menu-item menu-item-type-custom menu-item-object-custom menu-item-210\"><a href=\"https:\/\/clinicasantaanna.es\/en\/services\/#estetica\" class=\"elementor-item elementor-item-anchor menu-link\" tabindex=\"-1\">Esthetic<\/a><\/li>\n<li class=\"menu-item menu-item-type-custom menu-item-object-custom menu-item-249\"><a href=\"https:\/\/clinicasantaanna.es\/en\/services\/#periodoncia\" class=\"elementor-item elementor-item-anchor menu-link\" tabindex=\"-1\">Periodontics<\/a><\/li>\n<li class=\"menu-item menu-item-type-custom menu-item-object-custom menu-item-250\"><a href=\"https:\/\/clinicasantaanna.es\/en\/services\/#endodoncia\" class=\"elementor-item elementor-item-anchor menu-link\" tabindex=\"-1\">Root Canal<\/a><\/li>\n<li class=\"menu-item menu-item-type-custom menu-item-object-custom menu-item-251\"><a href=\"https:\/\/clinicasantaanna.es\/en\/services\/#preventiva\" class=\"elementor-item elementor-item-anchor menu-link\" tabindex=\"-1\">Preventive<\/a><\/li>\n<li class=\"menu-item menu-item-type-custom menu-item-object-custom menu-item-782\"><a href=\"https:\/\/clinicasantaanna.es\/en\/services\/#odontopediatria\" class=\"elementor-item elementor-item-anchor menu-link\" tabindex=\"-1\">Pediatric Dentistry<\/a><\/li>\n<\/ul>\t\t\t<\/nav>\n\t\t\t\t\t\t<\/div>\n\t\t\t\t<\/div>\n\t\t\t\t\t<\/div>\n\t\t<\/div>\n\t\t\t\t<div class=\"elementor-column elementor-col-33 elementor-top-column elementor-element elementor-element-d44897b\" data-id=\"d44897b\" data-element_type=\"column\" data-e-type=\"column\">\n\t\t\t<div class=\"elementor-widget-wrap elementor-element-populated\">\n\t\t\t\t\t\t<div class=\"elementor-element elementor-element-d1e9cd0 elementor-widget elementor-widget-heading\" data-id=\"d1e9cd0\" data-element_type=\"widget\" data-e-type=\"widget\" data-widget_type=\"heading.default\">\n\t\t\t\t\t\t<div class=\"elementor-widget-container\">\n\t\t\t\t\t<h5 class=\"elementor-heading-title elementor-size-default\">Links of interest<\/h5>\t\t\t\t<\/div>\n\t\t\t\t<\/div>\n\t\t\t\t<div class=\"elementor-element elementor-element-a6e9eb4 elementor-nav-menu__align-center elementor-nav-menu--dropdown-tablet elementor-nav-menu__text-align-aside elementor-widget elementor-widget-nav-menu\" data-id=\"a6e9eb4\" data-element_type=\"widget\" data-e-type=\"widget\" data-settings=\"{&quot;layout&quot;:&quot;vertical&quot;,&quot;submenu_icon&quot;:{&quot;value&quot;:&quot;&lt;i class=\\&quot;fas fa-caret-down\\&quot;&gt;&lt;\\\/i&gt;&quot;,&quot;library&quot;:&quot;fa-solid&quot;}}\" data-widget_type=\"nav-menu.default\">\n\t\t\t\t\t\t<div class=\"elementor-widget-container\">\n\t\t\t\t\t\t\t\t<nav aria-label=\"Menu\" class=\"elementor-nav-menu--main elementor-nav-menu__container elementor-nav-menu--layout-vertical e--pointer-none\">\n\t\t\t\t<ul id=\"menu-1-a6e9eb4\" class=\"elementor-nav-menu sm-vertical\"><li class=\"menu-item menu-item-type-post_type menu-item-object-page menu-item-home menu-item-771\"><a href=\"https:\/\/clinicasantaanna.es\/en\/\" class=\"elementor-item menu-link\">Home<\/a><\/li>\n<li class=\"menu-item menu-item-type-post_type menu-item-object-page menu-item-20\"><a href=\"https:\/\/clinicasantaanna.es\/en\/us\/\" class=\"elementor-item menu-link\">About us<\/a><\/li>\n<li class=\"menu-item menu-item-type-post_type menu-item-object-page menu-item-21\"><a href=\"https:\/\/clinicasantaanna.es\/en\/services\/\" class=\"elementor-item menu-link\">Services<\/a><\/li>\n<li class=\"menu-item menu-item-type-post_type menu-item-object-page menu-item-1541\"><a href=\"https:\/\/clinicasantaanna.es\/en\/testimonials\/\" class=\"elementor-item menu-link\">Testimonials<\/a><\/li>\n<li class=\"menu-item menu-item-type-post_type menu-item-object-page menu-item-1815\"><a href=\"https:\/\/clinicasantaanna.es\/en\/blog\/\" class=\"elementor-item menu-link\">BLOG<\/a><\/li>\n<li class=\"menu-item menu-item-type-post_type menu-item-object-page menu-item-23\"><a href=\"https:\/\/clinicasantaanna.es\/en\/contact\/\" class=\"elementor-item menu-link\">Contact<\/a><\/li>\n<\/ul>\t\t\t<\/nav>\n\t\t\t\t\t\t<nav class=\"elementor-nav-menu--dropdown elementor-nav-menu__container\" aria-hidden=\"true\">\n\t\t\t\t<ul id=\"menu-2-a6e9eb4\" class=\"elementor-nav-menu sm-vertical\"><li class=\"menu-item menu-item-type-post_type menu-item-object-page menu-item-home menu-item-771\"><a href=\"https:\/\/clinicasantaanna.es\/en\/\" class=\"elementor-item menu-link\" tabindex=\"-1\">Home<\/a><\/li>\n<li class=\"menu-item menu-item-type-post_type menu-item-object-page menu-item-20\"><a href=\"https:\/\/clinicasantaanna.es\/en\/us\/\" class=\"elementor-item menu-link\" tabindex=\"-1\">About us<\/a><\/li>\n<li class=\"menu-item menu-item-type-post_type menu-item-object-page menu-item-21\"><a href=\"https:\/\/clinicasantaanna.es\/en\/services\/\" class=\"elementor-item menu-link\" tabindex=\"-1\">Services<\/a><\/li>\n<li class=\"menu-item menu-item-type-post_type menu-item-object-page menu-item-1541\"><a href=\"https:\/\/clinicasantaanna.es\/en\/testimonials\/\" class=\"elementor-item menu-link\" tabindex=\"-1\">Testimonials<\/a><\/li>\n<li class=\"menu-item menu-item-type-post_type menu-item-object-page menu-item-1815\"><a href=\"https:\/\/clinicasantaanna.es\/en\/blog\/\" class=\"elementor-item menu-link\" tabindex=\"-1\">BLOG<\/a><\/li>\n<li class=\"menu-item menu-item-type-post_type menu-item-object-page menu-item-23\"><a href=\"https:\/\/clinicasantaanna.es\/en\/contact\/\" class=\"elementor-item menu-link\" tabindex=\"-1\">Contact<\/a><\/li>\n<\/ul>\t\t\t<\/nav>\n\t\t\t\t\t\t<\/div>\n\t\t\t\t<\/div>\n\t\t\t\t<div class=\"elementor-element elementor-element-33dd888 elementor-shape-rounded elementor-grid-0 e-grid-align-center elementor-widget elementor-widget-social-icons\" data-id=\"33dd888\" data-element_type=\"widget\" data-e-type=\"widget\" data-widget_type=\"social-icons.default\">\n\t\t\t\t\t\t<div class=\"elementor-widget-container\">\n\t\t\t\t\t\t\t<div class=\"elementor-social-icons-wrapper elementor-grid\" role=\"list\">\n\t\t\t\t\t\t\t<span class=\"elementor-grid-item\" role=\"listitem\">\n\t\t\t\t\t<a class=\"elementor-icon elementor-social-icon elementor-social-icon-facebook elementor-repeater-item-c05e7db\" href=\"https:\/\/www.facebook.com\/santaannaclinicadental\/\" target=\"_blank\">\n\t\t\t\t\t\t<span class=\"elementor-screen-only\">Facebook<\/span>\n\t\t\t\t\t\t<i aria-hidden=\"true\" class=\"fab fa-facebook\"><\/i>\t\t\t\t\t<\/a>\n\t\t\t\t<\/span>\n\t\t\t\t\t\t\t<span class=\"elementor-grid-item\" role=\"listitem\">\n\t\t\t\t\t<a class=\"elementor-icon elementor-social-icon elementor-social-icon-instagram elementor-repeater-item-14d62d0\" href=\"https:\/\/www.instagram.com\/dentalsantaanna\/\" target=\"_blank\">\n\t\t\t\t\t\t<span class=\"elementor-screen-only\">instagram<\/span>\n\t\t\t\t\t\t<i aria-hidden=\"true\" class=\"fab fa-instagram\"><\/i>\t\t\t\t\t<\/a>\n\t\t\t\t<\/span>\n\t\t\t\t\t<\/div>\n\t\t\t\t\t\t<\/div>\n\t\t\t\t<\/div>\n\t\t\t\t\t<\/div>\n\t\t<\/div>\n\t\t\t\t\t<\/div>\n\t\t<\/section>\n\t\t\t\t<\/div>","protected":false},"excerpt":{"rendered":"<p>Cuida tu Sonrisa este Verano Tips pr\u00e1cticos para el cuidado dental. Importancia de la Salud Bucal en Verano El verano es una \u00e9poca de vacaciones, actividades al aire libre y cambios en la rutina. Estos cambios pueden influir en nuestra higiene bucal y aumentar el riesgo de problemas dentales. Es crucial mantener buenos h\u00e1bitos para [&hellip;]<\/p>\n","protected":false},"author":1,"featured_media":1867,"comment_status":"open","ping_status":"open","sticky":false,"template":"","format":"standard","meta":{"site-sidebar-layout":"default","site-content-layout":"","ast-site-content-layout":"default","site-content-style":"default","site-sidebar-style":"default","ast-global-header-display":"","ast-banner-title-visibility":"","ast-main-header-display":"","ast-hfb-above-header-display":"","ast-hfb-below-header-display":"","ast-hfb-mobile-header-display":"","site-post-title":"","ast-breadcrumbs-content":"","ast-featured-img":"","footer-sml-layout":"","ast-disable-related-posts":"","theme-transparent-header-meta":"","adv-header-id-meta":"","stick-header-meta":"","header-above-stick-meta":"","header-main-stick-meta":"","header-below-stick-meta":"","astra-migrate-meta-layouts":"set","ast-page-background-enabled":"default","ast-page-background-meta":{"desktop":{"background-color":"","background-image":"","background-repeat":"repeat","background-position":"center center","background-size":"auto","background-attachment":"scroll","background-type":"","background-media":"","overlay-type":"","overlay-color":"","overlay-opacity":"","overlay-gradient":""},"tablet":{"background-color":"","background-image":"","background-repeat":"repeat","background-position":"center center","background-size":"auto","background-attachment":"scroll","background-type":"","background-media":"","overlay-type":"","overlay-color":"","overlay-opacity":"","overlay-gradient":""},"mobile":{"background-color":"","background-image":"","background-repeat":"repeat","background-position":"center center","background-size":"auto","background-attachment":"scroll","background-type":"","background-media":"","overlay-type":"","overlay-color":"","overlay-opacity":"","overlay-gradient":""}},"ast-content-background-meta":{"desktop":{"background-color":"var(--ast-global-color-5)","background-image":"","background-repeat":"repeat","background-position":"center center","background-size":"auto","background-attachment":"scroll","background-type":"","background-media":"","overlay-type":"","overlay-color":"","overlay-opacity":"","overlay-gradient":""},"tablet":{"background-color":"var(--ast-global-color-5)","background-image":"","background-repeat":"repeat","background-position":"center center","background-size":"auto","background-attachment":"scroll","background-type":"","background-media":"","overlay-type":"","overlay-color":"","overlay-opacity":"","overlay-gradient":""},"mobile":{"background-color":"var(--ast-global-color-5)","background-image":"","background-repeat":"repeat","background-position":"center center","background-size":"auto","background-attachment":"scroll","background-type":"","background-media":"","overlay-type":"","overlay-color":"","overlay-opacity":"","overlay-gradient":""}},"_joinchat":[],"footnotes":""},"categories":[1],"tags":[],"class_list":["post-1864","post","type-post","status-publish","format-standard","has-post-thumbnail","hentry","category-uncategorized"],"yoast_head":"<!-- This site is optimized with the Yoast SEO plugin v26.9 - https:\/\/yoast.com\/product\/yoast-seo-wordpress\/ -->\n<title>Cl\u00ednica Dental Santa Anna | Importancia de la Salud Bucal en Verano \u2705<\/title>\n<meta name=\"description\" content=\"Cuida tu Sonrisa este Verano: Tips pr\u00e1cticos para el cuidado dental.| Primer consulta gratuita, incluye examen cl\u00ednico y radiogr\u00e1fico.\" \/>\n<meta name=\"robots\" content=\"index, follow, max-snippet:-1, max-image-preview:large, max-video-preview:-1\" \/>\n<link rel=\"canonical\" href=\"https:\/\/clinicasantaanna.es\/en\/oral-health-in-summer\/\" \/>\n<meta property=\"og:locale\" content=\"en_US\" \/>\n<meta property=\"og:type\" content=\"article\" \/>\n<meta property=\"og:title\" content=\"Cl\u00ednica Dental Santa Anna | Importancia de la Salud Bucal en Verano \u2705\" \/>\n<meta property=\"og:description\" content=\"Cuida tu Sonrisa este Verano: Tips pr\u00e1cticos para el cuidado dental.| Primer consulta gratuita, incluye examen cl\u00ednico y radiogr\u00e1fico.\" \/>\n<meta property=\"og:url\" content=\"https:\/\/clinicasantaanna.es\/en\/oral-health-in-summer\/\" \/>\n<meta property=\"og:site_name\" content=\"Cl\u00ednica Dental Santa Anna\" \/>\n<meta property=\"article:publisher\" content=\"https:\/\/www.facebook.com\/santaannaclinicadental\" \/>\n<meta property=\"article:published_time\" content=\"2024-08-25T21:00:28+00:00\" \/>\n<meta property=\"article:modified_time\" content=\"2024-08-25T21:35:35+00:00\" \/>\n<meta property=\"og:image\" content=\"https:\/\/clinicasantaanna.es\/wp-content\/uploads\/2024\/08\/Sonrisa-Verano.jpg\" \/>\n\t<meta property=\"og:image:width\" content=\"1344\" \/>\n\t<meta property=\"og:image:height\" content=\"896\" \/>\n\t<meta property=\"og:image:type\" content=\"image\/jpeg\" \/>\n<meta name=\"author\" content=\"Cl\u00ednica Dental Santa Anna\" \/>\n<meta name=\"twitter:card\" content=\"summary_large_image\" \/>\n<meta name=\"twitter:label1\" content=\"Written by\" \/>\n\t<meta name=\"twitter:data1\" content=\"Cl\u00ednica Dental Santa Anna\" \/>\n\t<meta name=\"twitter:label2\" content=\"Est. reading time\" \/>\n\t<meta name=\"twitter:data2\" content=\"3 minutes\" \/>\n<script type=\"application\/ld+json\" class=\"yoast-schema-graph\">{\"@context\":\"https:\/\/schema.org\",\"@graph\":[{\"@type\":\"Article\",\"@id\":\"https:\/\/clinicasantaanna.es\/salud-bucal-en-verano\/#article\",\"isPartOf\":{\"@id\":\"https:\/\/clinicasantaanna.es\/salud-bucal-en-verano\/\"},\"author\":{\"name\":\"Cl\u00ednica Dental Santa Anna\",\"@id\":\"https:\/\/clinicasantaanna.es\/#\/schema\/person\/02d6fc66e18f4aaca94df374ec6e5bf3\"},\"headline\":\"Importancia de la Salud Bucal en Verano\",\"datePublished\":\"2024-08-25T21:00:28+00:00\",\"dateModified\":\"2024-08-25T21:35:35+00:00\",\"mainEntityOfPage\":{\"@id\":\"https:\/\/clinicasantaanna.es\/salud-bucal-en-verano\/\"},\"wordCount\":378,\"commentCount\":0,\"publisher\":{\"@id\":\"https:\/\/clinicasantaanna.es\/#organization\"},\"image\":{\"@id\":\"https:\/\/clinicasantaanna.es\/salud-bucal-en-verano\/#primaryimage\"},\"thumbnailUrl\":\"https:\/\/clinicasantaanna.es\/wp-content\/uploads\/2024\/08\/Sonrisa-Verano.jpg\",\"inLanguage\":\"en-US\",\"potentialAction\":[{\"@type\":\"CommentAction\",\"name\":\"Comment\",\"target\":[\"https:\/\/clinicasantaanna.es\/salud-bucal-en-verano\/#respond\"]}]},{\"@type\":\"WebPage\",\"@id\":\"https:\/\/clinicasantaanna.es\/salud-bucal-en-verano\/\",\"url\":\"https:\/\/clinicasantaanna.es\/salud-bucal-en-verano\/\",\"name\":\"Cl\u00ednica Dental Santa Anna | Importancia de la Salud Bucal en Verano \u2705\",\"isPartOf\":{\"@id\":\"https:\/\/clinicasantaanna.es\/#website\"},\"primaryImageOfPage\":{\"@id\":\"https:\/\/clinicasantaanna.es\/salud-bucal-en-verano\/#primaryimage\"},\"image\":{\"@id\":\"https:\/\/clinicasantaanna.es\/salud-bucal-en-verano\/#primaryimage\"},\"thumbnailUrl\":\"https:\/\/clinicasantaanna.es\/wp-content\/uploads\/2024\/08\/Sonrisa-Verano.jpg\",\"datePublished\":\"2024-08-25T21:00:28+00:00\",\"dateModified\":\"2024-08-25T21:35:35+00:00\",\"description\":\"Cuida tu Sonrisa este Verano: Tips pr\u00e1cticos para el cuidado dental.| Primer consulta gratuita, incluye examen cl\u00ednico y radiogr\u00e1fico.\",\"breadcrumb\":{\"@id\":\"https:\/\/clinicasantaanna.es\/salud-bucal-en-verano\/#breadcrumb\"},\"inLanguage\":\"en-US\",\"potentialAction\":[{\"@type\":\"ReadAction\",\"target\":[\"https:\/\/clinicasantaanna.es\/salud-bucal-en-verano\/\"]}]},{\"@type\":\"ImageObject\",\"inLanguage\":\"en-US\",\"@id\":\"https:\/\/clinicasantaanna.es\/salud-bucal-en-verano\/#primaryimage\",\"url\":\"https:\/\/clinicasantaanna.es\/wp-content\/uploads\/2024\/08\/Sonrisa-Verano.jpg\",\"contentUrl\":\"https:\/\/clinicasantaanna.es\/wp-content\/uploads\/2024\/08\/Sonrisa-Verano.jpg\",\"width\":1344,\"height\":896,\"caption\":\"Sonrisa Verano Clinica Dental Santa Anna\"},{\"@type\":\"BreadcrumbList\",\"@id\":\"https:\/\/clinicasantaanna.es\/salud-bucal-en-verano\/#breadcrumb\",\"itemListElement\":[{\"@type\":\"ListItem\",\"position\":1,\"name\":\"Portada\",\"item\":\"https:\/\/clinicasantaanna.es\/\"},{\"@type\":\"ListItem\",\"position\":2,\"name\":\"Importancia de la Salud Bucal en Verano\"}]},{\"@type\":\"WebSite\",\"@id\":\"https:\/\/clinicasantaanna.es\/#website\",\"url\":\"https:\/\/clinicasantaanna.es\/\",\"name\":\"Cl\u00ednica dental Santa Anna\",\"description\":\"Cl\u00ednica dental en Barcelona\",\"publisher\":{\"@id\":\"https:\/\/clinicasantaanna.es\/#organization\"},\"potentialAction\":[{\"@type\":\"SearchAction\",\"target\":{\"@type\":\"EntryPoint\",\"urlTemplate\":\"https:\/\/clinicasantaanna.es\/?s={search_term_string}\"},\"query-input\":{\"@type\":\"PropertyValueSpecification\",\"valueRequired\":true,\"valueName\":\"search_term_string\"}}],\"inLanguage\":\"en-US\"},{\"@type\":\"Organization\",\"@id\":\"https:\/\/clinicasantaanna.es\/#organization\",\"name\":\"Cl\u00ednica Dental Santa Anna\",\"url\":\"https:\/\/clinicasantaanna.es\/\",\"logo\":{\"@type\":\"ImageObject\",\"inLanguage\":\"en-US\",\"@id\":\"https:\/\/clinicasantaanna.es\/#\/schema\/logo\/image\/\",\"url\":\"https:\/\/clinicasantaanna.es\/wp-content\/uploads\/2021\/07\/favicon.png\",\"contentUrl\":\"https:\/\/clinicasantaanna.es\/wp-content\/uploads\/2021\/07\/favicon.png\",\"width\":512,\"height\":512,\"caption\":\"Cl\u00ednica Dental Santa Anna\"},\"image\":{\"@id\":\"https:\/\/clinicasantaanna.es\/#\/schema\/logo\/image\/\"},\"sameAs\":[\"https:\/\/www.facebook.com\/santaannaclinicadental\",\"https:\/\/www.instagram.com\/dentalsantaanna\/\"]},{\"@type\":\"Person\",\"@id\":\"https:\/\/clinicasantaanna.es\/#\/schema\/person\/02d6fc66e18f4aaca94df374ec6e5bf3\",\"name\":\"Cl\u00ednica Dental Santa Anna\",\"image\":{\"@type\":\"ImageObject\",\"inLanguage\":\"en-US\",\"@id\":\"https:\/\/clinicasantaanna.es\/#\/schema\/person\/image\/\",\"url\":\"https:\/\/secure.gravatar.com\/avatar\/ffd52547141dac8868566f7fe563c4af298fff522148c5e802700a1e0f44dbe0?s=96&d=mm&r=g\",\"contentUrl\":\"https:\/\/secure.gravatar.com\/avatar\/ffd52547141dac8868566f7fe563c4af298fff522148c5e802700a1e0f44dbe0?s=96&d=mm&r=g\",\"caption\":\"Cl\u00ednica Dental Santa Anna\"},\"sameAs\":[\"https:\/\/clinicasantaanna.es\"],\"url\":\"https:\/\/clinicasantaanna.es\/en\/author\/admin\/\"}]}<\/script>\n<!-- \/ Yoast SEO plugin. -->","yoast_head_json":{"title":"Santa Anna Dental Clinic | Importance of Oral Health in Summer \u2705","description":"Take care of your smile this summer: Practical tips for dental care. | First consultation free, includes clinical and x-ray examination.","robots":{"index":"index","follow":"follow","max-snippet":"max-snippet:-1","max-image-preview":"max-image-preview:large","max-video-preview":"max-video-preview:-1"},"canonical":"https:\/\/clinicasantaanna.es\/en\/oral-health-in-summer\/","og_locale":"en_US","og_type":"article","og_title":"Cl\u00ednica Dental Santa Anna | Importancia de la Salud Bucal en Verano \u2705","og_description":"Cuida tu Sonrisa este Verano: Tips pr\u00e1cticos para el cuidado dental.| Primer consulta gratuita, incluye examen cl\u00ednico y radiogr\u00e1fico.","og_url":"https:\/\/clinicasantaanna.es\/en\/oral-health-in-summer\/","og_site_name":"Cl\u00ednica Dental Santa Anna","article_publisher":"https:\/\/www.facebook.com\/santaannaclinicadental","article_published_time":"2024-08-25T21:00:28+00:00","article_modified_time":"2024-08-25T21:35:35+00:00","og_image":[{"width":1344,"height":896,"url":"https:\/\/clinicasantaanna.es\/wp-content\/uploads\/2024\/08\/Sonrisa-Verano.jpg","type":"image\/jpeg"}],"author":"Cl\u00ednica Dental Santa Anna","twitter_card":"summary_large_image","twitter_misc":{"Written by":"Cl\u00ednica Dental Santa Anna","Est. reading time":"3 minutes"},"schema":{"@context":"https:\/\/schema.org","@graph":[{"@type":"Article","@id":"https:\/\/clinicasantaanna.es\/salud-bucal-en-verano\/#article","isPartOf":{"@id":"https:\/\/clinicasantaanna.es\/salud-bucal-en-verano\/"},"author":{"name":"Cl\u00ednica Dental Santa Anna","@id":"https:\/\/clinicasantaanna.es\/#\/schema\/person\/02d6fc66e18f4aaca94df374ec6e5bf3"},"headline":"Importancia de la Salud Bucal en Verano","datePublished":"2024-08-25T21:00:28+00:00","dateModified":"2024-08-25T21:35:35+00:00","mainEntityOfPage":{"@id":"https:\/\/clinicasantaanna.es\/salud-bucal-en-verano\/"},"wordCount":378,"commentCount":0,"publisher":{"@id":"https:\/\/clinicasantaanna.es\/#organization"},"image":{"@id":"https:\/\/clinicasantaanna.es\/salud-bucal-en-verano\/#primaryimage"},"thumbnailUrl":"https:\/\/clinicasantaanna.es\/wp-content\/uploads\/2024\/08\/Sonrisa-Verano.jpg","inLanguage":"en-US","potentialAction":[{"@type":"CommentAction","name":"Comment","target":["https:\/\/clinicasantaanna.es\/salud-bucal-en-verano\/#respond"]}]},{"@type":"WebPage","@id":"https:\/\/clinicasantaanna.es\/salud-bucal-en-verano\/","url":"https:\/\/clinicasantaanna.es\/salud-bucal-en-verano\/","name":"Santa Anna Dental Clinic | Importance of Oral Health in Summer \u2705","isPartOf":{"@id":"https:\/\/clinicasantaanna.es\/#website"},"primaryImageOfPage":{"@id":"https:\/\/clinicasantaanna.es\/salud-bucal-en-verano\/#primaryimage"},"image":{"@id":"https:\/\/clinicasantaanna.es\/salud-bucal-en-verano\/#primaryimage"},"thumbnailUrl":"https:\/\/clinicasantaanna.es\/wp-content\/uploads\/2024\/08\/Sonrisa-Verano.jpg","datePublished":"2024-08-25T21:00:28+00:00","dateModified":"2024-08-25T21:35:35+00:00","description":"Take care of your smile this summer: Practical tips for dental care. | First consultation free, includes clinical and x-ray examination.","breadcrumb":{"@id":"https:\/\/clinicasantaanna.es\/salud-bucal-en-verano\/#breadcrumb"},"inLanguage":"en-US","potentialAction":[{"@type":"ReadAction","target":["https:\/\/clinicasantaanna.es\/salud-bucal-en-verano\/"]}]},{"@type":"ImageObject","inLanguage":"en-US","@id":"https:\/\/clinicasantaanna.es\/salud-bucal-en-verano\/#primaryimage","url":"https:\/\/clinicasantaanna.es\/wp-content\/uploads\/2024\/08\/Sonrisa-Verano.jpg","contentUrl":"https:\/\/clinicasantaanna.es\/wp-content\/uploads\/2024\/08\/Sonrisa-Verano.jpg","width":1344,"height":896,"caption":"Sonrisa Verano Clinica Dental Santa Anna"},{"@type":"BreadcrumbList","@id":"https:\/\/clinicasantaanna.es\/salud-bucal-en-verano\/#breadcrumb","itemListElement":[{"@type":"ListItem","position":1,"name":"Portada","item":"https:\/\/clinicasantaanna.es\/"},{"@type":"ListItem","position":2,"name":"Importancia de la Salud Bucal en Verano"}]},{"@type":"WebSite","@id":"https:\/\/clinicasantaanna.es\/#website","url":"https:\/\/clinicasantaanna.es\/","name":"Santa Anna Dental Clinic","description":"Dental clinic in Barcelona","publisher":{"@id":"https:\/\/clinicasantaanna.es\/#organization"},"potentialAction":[{"@type":"SearchAction","target":{"@type":"EntryPoint","urlTemplate":"https:\/\/clinicasantaanna.es\/?s={search_term_string}"},"query-input":{"@type":"PropertyValueSpecification","valueRequired":true,"valueName":"search_term_string"}}],"inLanguage":"en-US"},{"@type":"Organization","@id":"https:\/\/clinicasantaanna.es\/#organization","name":"Santa Ana Dental Clinic","url":"https:\/\/clinicasantaanna.es\/","logo":{"@type":"ImageObject","inLanguage":"en-US","@id":"https:\/\/clinicasantaanna.es\/#\/schema\/logo\/image\/","url":"https:\/\/clinicasantaanna.es\/wp-content\/uploads\/2021\/07\/favicon.png","contentUrl":"https:\/\/clinicasantaanna.es\/wp-content\/uploads\/2021\/07\/favicon.png","width":512,"height":512,"caption":"Cl\u00ednica Dental Santa Anna"},"image":{"@id":"https:\/\/clinicasantaanna.es\/#\/schema\/logo\/image\/"},"sameAs":["https:\/\/www.facebook.com\/santaannaclinicadental","https:\/\/www.instagram.com\/dentalsantaanna\/"]},{"@type":"Person","@id":"https:\/\/clinicasantaanna.es\/#\/schema\/person\/02d6fc66e18f4aaca94df374ec6e5bf3","name":"Santa Ana Dental Clinic","image":{"@type":"ImageObject","inLanguage":"en-US","@id":"https:\/\/clinicasantaanna.es\/#\/schema\/person\/image\/","url":"https:\/\/secure.gravatar.com\/avatar\/ffd52547141dac8868566f7fe563c4af298fff522148c5e802700a1e0f44dbe0?s=96&d=mm&r=g","contentUrl":"https:\/\/secure.gravatar.com\/avatar\/ffd52547141dac8868566f7fe563c4af298fff522148c5e802700a1e0f44dbe0?s=96&d=mm&r=g","caption":"Cl\u00ednica Dental Santa Anna"},"sameAs":["https:\/\/clinicasantaanna.es"],"url":"https:\/\/clinicasantaanna.es\/en\/author\/admin\/"}]}},"_links":{"self":[{"href":"https:\/\/clinicasantaanna.es\/en\/wp-json\/wp\/v2\/posts\/1864","targetHints":{"allow":["GET"]}}],"collection":[{"href":"https:\/\/clinicasantaanna.es\/en\/wp-json\/wp\/v2\/posts"}],"about":[{"href":"https:\/\/clinicasantaanna.es\/en\/wp-json\/wp\/v2\/types\/post"}],"author":[{"embeddable":true,"href":"https:\/\/clinicasantaanna.es\/en\/wp-json\/wp\/v2\/users\/1"}],"replies":[{"embeddable":true,"href":"https:\/\/clinicasantaanna.es\/en\/wp-json\/wp\/v2\/comments?post=1864"}],"version-history":[{"count":39,"href":"https:\/\/clinicasantaanna.es\/en\/wp-json\/wp\/v2\/posts\/1864\/revisions"}],"predecessor-version":[{"id":1905,"href":"https:\/\/clinicasantaanna.es\/en\/wp-json\/wp\/v2\/posts\/1864\/revisions\/1905"}],"wp:featuredmedia":[{"embeddable":true,"href":"https:\/\/clinicasantaanna.es\/en\/wp-json\/wp\/v2\/media\/1867"}],"wp:attachment":[{"href":"https:\/\/clinicasantaanna.es\/en\/wp-json\/wp\/v2\/media?parent=1864"}],"wp:term":[{"taxonomy":"category","embeddable":true,"href":"https:\/\/clinicasantaanna.es\/en\/wp-json\/wp\/v2\/categories?post=1864"},{"taxonomy":"post_tag","embeddable":true,"href":"https:\/\/clinicasantaanna.es\/en\/wp-json\/wp\/v2\/tags?post=1864"}],"curies":[{"name":"wp","href":"https:\/\/api.w.org\/{rel}","templated":true}]}}